{"id":1698,"date":"2017-12-19T09:37:00","date_gmt":"2017-12-19T08:37:00","guid":{"rendered":"https:\/\/pfp.law\/novice\/bolj-pravicna-definicija-pokojninske-dobe-brez-dokupa\/"},"modified":"2017-12-19T09:37:00","modified_gmt":"2017-12-19T08:37:00","slug":"bolj-pravicna-definicija-pokojninske-dobe-brez-dokupa","status":"publish","type":"post","link":"https:\/\/pfp.law\/sl\/novice\/bolj-pravicna-definicija-pokojninske-dobe-brez-dokupa\/","title":{"rendered":"Bolj pravi\u010dna definicija \u00bbpokojninske dobe brez dokupa\u00ab"},"content":{"rendered":"<h2>Bolj pravi\u010dna definicija \u00bbpokojninske dobe brez dokupa\u00ab<\/h2>\n<div><a href=\"https:\/\/www.uradni-list.si\/glasilo-uradni-list-rs\/vsebina\/2017-01-3064?sop=2017-01-3064\" target=\"_blank\" rel=\"noopener\">Zakon o spremembah in dopolnitvah Zakona o pokojninskem in invalidskem zavarovanju<\/a> (ZPIZ-2E) , ki se bo za\u010del uporabljati s 1. januarjem 2018, dolo\u010da novo definicijo \u00bbpokojninske dobe brez dokupa\u00ab, v katero se bo po novem \u0161telo ne le obdobje obvezne vklju\u010ditve v obvezno pokojninsko in invalidsko zavarovanje, temve\u010d <b>tudi obdobje prostovoljne vklju\u010ditve v obvezno zavarovanje do 31. 12. 2012, \u010de so bili za to obdobje pla\u010dani prispevki<\/b>.<\/div>\n<div><\/div>\n<div>S tako dopolnitvijo definicije se <b>delno odpravlja sporni poseg pokojninske reforme iz leta 2012 v \u017ee pridobljene pravice posameznikov<\/b>. Zakon o pokojninskem in zavarovanju (ZPIZ-2) je namre\u010d dolo\u010dil, da se obdobje prostovoljnega pla\u010devanja prispevkov ne upo\u0161teva ve\u010d pri ugotavljanju izpolnjevanja pogojev za starostno upokojitev pri 60 letih starosti in 40 letih pokojninske dobe brez dokupa (upo\u0161tevalo pa se je pri upokojitvi pri 65 letih). To v praksi pomeni, da so se lahko (i) brezposelne osebe, ki so se prostovoljno vklju\u010dile v obvezno pokojninsko in invalidsko zavarovanje z namenom, da bi si pridobile pravico do starostne pokojnine (predvsem starej\u0161i brezposelni, ki so \u010dakali na upokojitev) ter (ii) osebe, zaposlene s kraj\u0161im delovnim \u010dasom od polnega, ki so se v obvezno zavarovanje vklju\u010dile z namenom ohranitve polnega obsega pravic, \u00bbpred\u010dasno\u00ab starostno upokojile le, \u010de so bile pripravljene pristati na zni\u017eanje osnove zaradi \u00bbpred\u010dasne upokojitve\u00ab (to pa je lahko pomenilo tudi do 18 % ni\u017ejo pokojnino).&nbsp;<\/div>\n<div><\/div>\n<div>\u010ceprav je Ustavno sodi\u0161\u010de v aprilu 2016 <a href=\"http:\/\/www.us-rs.si\/aktualno\/novice\/odlocitev-ustavnega-sodisca-v-zadevi-u-i-24613-z-dne-21-4-2016\/ \" target=\"_blank\" rel=\"noopener\">odlo\u010dilo<\/a>, da ZPIZ-2 ni nedopustno posegel v upravi\u010dena pri\u010dakovanja zavarovancev, ki so zaupali, da se bodo na podlagi pla\u010danih prispevkov lahko upokojili \u017ee pri ni\u017eji starosti, se strokovna in lai\u010dna javnost s tem stali\u0161\u010dem ni mogla strinjati. Ti zavarovanci so se namre\u010d zana\u0161ali na to, da se bodo lahko na podlagi prostovoljno vpla\u010danih prispevkov upokojili pod enakimi pogoji kot obvezno zavarovane osebe.&nbsp;<\/div>\n<div><\/div>\n<div>Novela ZPIZ-2 pa ne re\u0161uje problema (ne)upravi\u010denega razlikovanja med zavarovanci, ki so v obvezno zavarovanje vklju\u010deni prostovoljno in tistimi, ki so vklju\u010deni obvezno, za \u010das od 1. 1. 2013 naprej. Re\u0161itev naj bi prinesla \u0161ele naslednja reforma ZPIZ, ki naj bi po napovedih Vlade uveljavila na\u010delo \u00bbpla\u010danih prispevkov\u00ab, kar bi de facto pomenilo, da se bodo upokojitveni pogoji vezali na zavarovalno dobo, za katero bodo pla\u010dani prispevki.&nbsp;<\/div>\n<div><\/div>\n<div>Novela poleg tega dolo\u010da, da mora Zavod za pokojninsko in invalidsko zavarovanje (Zavod) <b>obvestiti zavarovance (in delodajalce), \u010de delodajalec zanje ne bo predlo\u017eil dav\u010dnega odtegljaja in torej ne bo pla\u010dal obveznih socialnih prispevkov<\/b> (novi 134.a \u010dlen ZPIZ-2). Vsa obdobja, za katera niso bili obra\u010dunani prispevki in na katera se nana\u0161a obvestilo zavoda, se <b>\u0161tejejo v pokojninsko dobo<\/b>. Enako obvestilo mora Zavod v elektronski obliki posredovati tudi nadzornim organom in sicer FURS in In\u0161pektoratu RS za delo (IRSD). FURS lahko po novem delodajalca, ki kr\u0161i to obveznost, kaznuje z globo od 450 do 20.000 EUR (glede na velikost delodajalca), z globo od 450 do 2.000 EUR pa tudi njegovo odgovorno osebo. IRSD pa lahko delodajalcu, ki delavcem ni izpla\u010dal pla\u010de, prepove opravljanje dela delavcev ali izvajanje delovnega procesa oziroma uporabo sredstev za delo. Nepla\u010devanje prispevkov lahko pod dolo\u010denimi pogoji predstavlja celo kaznivo dejanje.<\/div>\n","protected":false},"excerpt":{"rendered":"<p>Bolj pravi\u010dna definicija \u00bbpokojninske dobe brez dokupa\u00ab Zakon o spremembah in dopolnitvah Zakona o pokojninskem in invalidskem zavarovanju (ZPIZ-2E) , ki se bo za\u010del uporabljati s 1. januarjem 2018, dolo\u010da&#8230;<\/p>\n","protected":false},"author":2,"featured_media":0,"comment_status":"closed","ping_status":"open","sticky":false,"template":"","format":"standard","meta":{"footnotes":""},"categories":[1],"tags":[],"coauthors":[],"class_list":{"0":"post-1698","1":"post","2":"type-post","3":"status-publish","4":"format-standard","6":"category-novice"},"_links":{"self":[{"href":"https:\/\/pfp.law\/sl\/wp-json\/wp\/v2\/posts\/1698","targetHints":{"allow":["GET"]}}],"collection":[{"href":"https:\/\/pfp.law\/sl\/wp-json\/wp\/v2\/posts"}],"about":[{"href":"https:\/\/pfp.law\/sl\/wp-json\/wp\/v2\/types\/post"}],"author":[{"embeddable":true,"href":"https:\/\/pfp.law\/sl\/wp-json\/wp\/v2\/users\/2"}],"replies":[{"embeddable":true,"href":"https:\/\/pfp.law\/sl\/wp-json\/wp\/v2\/comments?post=1698"}],"version-history":[{"count":0,"href":"https:\/\/pfp.law\/sl\/wp-json\/wp\/v2\/posts\/1698\/revisions"}],"wp:attachment":[{"href":"https:\/\/pfp.law\/sl\/wp-json\/wp\/v2\/media?parent=1698"}],"wp:term":[{"taxonomy":"category","embeddable":true,"href":"https:\/\/pfp.law\/sl\/wp-json\/wp\/v2\/categories?post=1698"},{"taxonomy":"post_tag","embeddable":true,"href":"https:\/\/pfp.law\/sl\/wp-json\/wp\/v2\/tags?post=1698"},{"taxonomy":"author","embeddable":true,"href":"https:\/\/pfp.law\/sl\/wp-json\/wp\/v2\/coauthors?post=1698"}],"curies":[{"name":"wp","href":"https:\/\/api.w.org\/{rel}","templated":true}]}}