{"id":1688,"date":"2018-02-14T00:00:00","date_gmt":"2018-02-13T23:00:00","guid":{"rendered":"https:\/\/pfp.law\/novice\/v-letu-2018-47-odstotni-dvig-minimalne-place\/"},"modified":"2018-02-14T00:00:00","modified_gmt":"2018-02-13T23:00:00","slug":"v-letu-2018-47-odstotni-dvig-minimalne-place","status":"publish","type":"post","link":"https:\/\/pfp.law\/sl\/novice\/v-letu-2018-47-odstotni-dvig-minimalne-place\/","title":{"rendered":"V letu 2018 4,7-odstotni dvig minimalne pla\u010de"},"content":{"rendered":"<h2>V letu 2018 4,7-odstotni dvig minimalne pla\u010de<\/h2>\n<div>Minimalna pla\u010da se dolo\u010di upo\u0161tevajo\u010d kazalnike: rast cen \u017eivljenjskih potreb\u0161\u010din (inflacija), gibanje pla\u010d, gospodarske razmere oziroma gospodarska rast in gibanje zaposlenosti. Minimalna pla\u010da je tako enkrat letno predmet uskladitve najmanj z rastjo cen \u017eivljenjskih potreb\u0161\u010din. Ministrica za delo je letos predlagala <b>povi\u0161anje bruto zneska minimalne pla\u010de z 804,96 EUR na 842,79 EUR.<\/b> Osnovo za povi\u0161anje naj bi predstavljala stabilna gospodarska rast in pri\u010dakovanje po njeni ohranitvi.<\/div>\n<div><\/div>\n<div>Predlog je naletel na negodovanje tako na strani sindikatov, ki bi si \u017eeleli vi\u0161ji dvig, kot na strani delodajalcev, ki so vztrajali, da bi povi\u0161anje zna\u0161alo najve\u010d vi\u0161ino inflacije \u2013 torej 1,7 %. <a href=\"https:\/\/www.zds.si\/si\/mediji\/239117\/detail.html\" target=\"_blank\" rel=\"noopener\">ZDS kot predstavnik delodajalcev<\/a>&nbsp; je v svoji izjavi pojasnil, da splo\u0161na gospodarska rast ne predstavlja rasti v vseh panogah, \u0161e posebej pa ne v tistih, kjer je izpla\u010devanje minimalne pla\u010de pogosto \u2013 npr. tekstilna panoga, usnjarska panoga, del lesne industrije, gradbeni\u0161tvo. Opozorili so, da dvig pla\u010de ne predstavlja neposrednega stro\u0161ka za rasto\u010de gospodarstvo, temve\u010d za podjetja, ki se \u017ee sedaj borijo s poslovanjem. V svoji izjavi so tako pozvali k razbremenitvi stro\u0161ka dela.&nbsp;<\/div>\n<div><\/div>\n<div>Ker socialni partnerji niso uspeli skleniti dogovora, je bil skladno z Zakonom o minimalni pla\u010di v Uradnem listu RS, \u0161t. <a href=\"https:\/\/www.uradni-list.si\/glasilo-uradni-list-rs\/vsebina\/2018-01-0220?sop=2018-01-0220\" target=\"_blank\" rel=\"noopener\">5\/2018<\/a> , 26. 1. 2018 objavljen <b>nov znesek minimalne bruto pla\u010de v vi\u0161ini 842,79 EUR<\/b> za delo, opravljeno od 1. 1. 2018. Delavci bodo po novem prejemali najmanj neto znesek minimalne pla\u010de v vi\u0161ini 638,42 EUR. 4,7-odstoten dvig minimalne bruto pla\u010de za delodajalce predstavlja <b>3,09-odstotno povi\u0161anje stro\u0161kov dela.<\/b><\/div>\n","protected":false},"excerpt":{"rendered":"<p>V letu 2018 4,7-odstotni dvig minimalne pla\u010de Minimalna pla\u010da se dolo\u010di upo\u0161tevajo\u010d kazalnike: rast cen \u017eivljenjskih potreb\u0161\u010din (inflacija), gibanje pla\u010d, gospodarske razmere oziroma gospodarska rast in gibanje zaposlenosti. Minimalna pla\u010da&#8230;<\/p>\n","protected":false},"author":2,"featured_media":0,"comment_status":"closed","ping_status":"open","sticky":false,"template":"","format":"standard","meta":{"footnotes":""},"categories":[1],"tags":[],"coauthors":[],"class_list":{"0":"post-1688","1":"post","2":"type-post","3":"status-publish","4":"format-standard","6":"category-novice"},"_links":{"self":[{"href":"https:\/\/pfp.law\/sl\/wp-json\/wp\/v2\/posts\/1688","targetHints":{"allow":["GET"]}}],"collection":[{"href":"https:\/\/pfp.law\/sl\/wp-json\/wp\/v2\/posts"}],"about":[{"href":"https:\/\/pfp.law\/sl\/wp-json\/wp\/v2\/types\/post"}],"author":[{"embeddable":true,"href":"https:\/\/pfp.law\/sl\/wp-json\/wp\/v2\/users\/2"}],"replies":[{"embeddable":true,"href":"https:\/\/pfp.law\/sl\/wp-json\/wp\/v2\/comments?post=1688"}],"version-history":[{"count":0,"href":"https:\/\/pfp.law\/sl\/wp-json\/wp\/v2\/posts\/1688\/revisions"}],"wp:attachment":[{"href":"https:\/\/pfp.law\/sl\/wp-json\/wp\/v2\/media?parent=1688"}],"wp:term":[{"taxonomy":"category","embeddable":true,"href":"https:\/\/pfp.law\/sl\/wp-json\/wp\/v2\/categories?post=1688"},{"taxonomy":"post_tag","embeddable":true,"href":"https:\/\/pfp.law\/sl\/wp-json\/wp\/v2\/tags?post=1688"},{"taxonomy":"author","embeddable":true,"href":"https:\/\/pfp.law\/sl\/wp-json\/wp\/v2\/coauthors?post=1688"}],"curies":[{"name":"wp","href":"https:\/\/api.w.org\/{rel}","templated":true}]}}