{"id":1669,"date":"2018-07-09T09:15:00","date_gmt":"2018-07-09T08:15:00","guid":{"rendered":"https:\/\/pfp.law\/novice\/facebook-in-skrbniki-strani-obozevalcev-so-skupni-upravljavci-osebnih-podatkov\/"},"modified":"2018-07-09T09:15:00","modified_gmt":"2018-07-09T08:15:00","slug":"facebook-in-skrbniki-strani-obozevalcev-so-skupni-upravljavci-osebnih-podatkov","status":"publish","type":"post","link":"https:\/\/pfp.law\/sl\/novice\/facebook-in-skrbniki-strani-obozevalcev-so-skupni-upravljavci-osebnih-podatkov\/","title":{"rendered":"Facebook in skrbniki strani obo\u017eevalcev so skupni upravljavci osebnih podatkov"},"content":{"rendered":"<h2>Facebook in skrbniki strani obo\u017eevalcev so skupni upravljavci osebnih podatkov<\/h2>\n<div>\n<div>Nem\u0161ka dru\u017eba, ki deluje na podro\u010dju izobra\u017eevanja <i>(Wirtschaftsakademic Schleswig Holstein \u2013 WSH)<\/i>, je na Facebook platformi ustanovila svojo stran (t. i. stran obo\u017eevalcev). Prek te strani je WSH predstavljala svoje storitve z objavo obvestil. Da je objavila obvestila, ki so najbolj zanimale njene obiskovalce, je uporabila funkcijo \u00bbFacebook (Audience) Insight\u00ab. Funkcija je delovala tako, da je WSH s pomo\u010djo filtrov izbrala merila, na podlagi katerih je Facebook zanjo pripravil statistiko obiskov njene strani. Na podlagi te statistike se je WSH seznanila s profilom obiskovalcev njene strani in jim je tako lahko ponudila vsebino, ki jih je bolj zanimala (npr. \u010de so njeno stran obiskovale ve\u010dinoma osebe v starostni skupini med 18 in 25 let, je pripravila ve\u010d vsebin za to starostno skupino). Podatki so se zbirali na na\u010din, da je Facebook na ra\u010dunalnik osebe, ki je obiskala stran WSH, namestil pi\u0161kotke. Facebook obiskovalce te strani o namestitvi pi\u0161kotkov ni obvestil. Postavilo se je vpra\u0161anje, ali bi jih morala o tem obvestiti WSH ter ali se je WSH \u0161tela za upravljavca osebnih podatkov njenih obiskovalcev.<\/div>\n<div><\/div>\n<div>Sodi\u0161\u010de Evropske unije je v nedavni sodbi (<a href=\"http:\/\/curia.europa.eu\/juris\/document\/document.jsf;jsessionid=9ea7d0f130da701d77e41ee744a79112aa1615271b85.e34KaxiLc3eQc40LaxqMbN4Pb3mLe0?text=&amp;docid=202543&amp;pageIndex=0&amp;doclang=sl&amp;mode=lst&amp;dir=&amp;occ=first&amp;part=1&amp;cid=266822\" target=\"_blank\" rel=\"noopener\">zadeva C-210\/16<\/a>) odlo\u010dilo, da je <b>WSH soodgovorna za obdelavo podatkov in se torej \u2013 poleg Facebooka \u2013 \u0161teje za upravljavca podatkov<\/b> obiskovalcev njene strani, saj je <b>z dolo\u010ditvijo meril sodelovala s Facebookom pri dolo\u010danju namena in sredstev obdelave osebnih podatkov<\/b> obiskovalcev njene strani. <b>Facebook in skrbnik strani obo\u017eevalcev na Facebook platformi se torej \u0161tejeta za skupna upravljavca osebnih podatkov<\/b>, kar pomeni, da morata oba spo\u0161tovati dolo\u010dbo 26. \u010dlena GDPR.<\/div>\n<div><\/div>\n<div>Od 25. maja 2018 morajo skupni upravljavci na pregleden na\u010din z medsebojnim dogovorom (npr. s pogodbo o skupnem upravljanju osebnih podatkov) dolo\u010diti na\u010din, kako bodo posameznike obve\u0161\u010dali o informacijah, ki so navedene v 13. \u010dlenu GDPR ter kako bodo uresni\u010devali pravice obiskovalcev oziroma uporabnikov takih Facebook strani. Iz navedene sodbe izhaja, da za obve\u0161\u010danje posameznikov ni odgovoren zgolj Facebook, ampak tudi podjetje, ki kot skrbnik oziroma administrator javnega profila uporablja Facebook platformo. Odprto pa ostaja vpra\u0161anje, kako se bo odzval Facebook, ali bo sploh sprejel zahteve podjetij, ki bodo \u017eelela z njim podpisati pogodbo o skupnem upravljanju osebnih podatkov oziroma ali se bodo podjetja odlo\u010dila za umik svojih strani zaradi bojazni pred astronomskimi kaznimi. <a href=\"https:\/\/www.openmediavault.org\/?p=2438\" target=\"_blank\" rel=\"noopener\">Eno podjetje<\/a>&nbsp; je na primer \u017ee ubralo tako pot.<\/div>\n<\/div>\n","protected":false},"excerpt":{"rendered":"<p>Facebook in skrbniki strani obo\u017eevalcev so skupni upravljavci osebnih podatkov Nem\u0161ka dru\u017eba, ki deluje na podro\u010dju izobra\u017eevanja (Wirtschaftsakademic Schleswig Holstein \u2013 WSH), je na Facebook platformi ustanovila svojo stran (t&#8230;.<\/p>\n","protected":false},"author":2,"featured_media":0,"comment_status":"closed","ping_status":"open","sticky":false,"template":"","format":"standard","meta":{"footnotes":""},"categories":[1],"tags":[],"coauthors":[],"class_list":{"0":"post-1669","1":"post","2":"type-post","3":"status-publish","4":"format-standard","6":"category-novice"},"_links":{"self":[{"href":"https:\/\/pfp.law\/sl\/wp-json\/wp\/v2\/posts\/1669","targetHints":{"allow":["GET"]}}],"collection":[{"href":"https:\/\/pfp.law\/sl\/wp-json\/wp\/v2\/posts"}],"about":[{"href":"https:\/\/pfp.law\/sl\/wp-json\/wp\/v2\/types\/post"}],"author":[{"embeddable":true,"href":"https:\/\/pfp.law\/sl\/wp-json\/wp\/v2\/users\/2"}],"replies":[{"embeddable":true,"href":"https:\/\/pfp.law\/sl\/wp-json\/wp\/v2\/comments?post=1669"}],"version-history":[{"count":0,"href":"https:\/\/pfp.law\/sl\/wp-json\/wp\/v2\/posts\/1669\/revisions"}],"wp:attachment":[{"href":"https:\/\/pfp.law\/sl\/wp-json\/wp\/v2\/media?parent=1669"}],"wp:term":[{"taxonomy":"category","embeddable":true,"href":"https:\/\/pfp.law\/sl\/wp-json\/wp\/v2\/categories?post=1669"},{"taxonomy":"post_tag","embeddable":true,"href":"https:\/\/pfp.law\/sl\/wp-json\/wp\/v2\/tags?post=1669"},{"taxonomy":"author","embeddable":true,"href":"https:\/\/pfp.law\/sl\/wp-json\/wp\/v2\/coauthors?post=1669"}],"curies":[{"name":"wp","href":"https:\/\/api.w.org\/{rel}","templated":true}]}}