{"id":1654,"date":"2018-12-18T00:00:00","date_gmt":"2018-12-17T23:00:00","guid":{"rendered":"https:\/\/pfp.law\/novice\/po-podpisu-sporazuma-o-zaposlovanju-drzavljanov-republike-srbije-v-sloveniji-podpisan-se-protokol\/"},"modified":"2018-12-18T00:00:00","modified_gmt":"2018-12-17T23:00:00","slug":"po-podpisu-sporazuma-o-zaposlovanju-drzavljanov-republike-srbije-v-sloveniji-podpisan-se-protokol","status":"publish","type":"post","link":"https:\/\/pfp.law\/sl\/novice\/po-podpisu-sporazuma-o-zaposlovanju-drzavljanov-republike-srbije-v-sloveniji-podpisan-se-protokol\/","title":{"rendered":"Po podpisu Sporazuma o zaposlovanju dr\u017eavljanov Republike Srbije v Sloveniji podpisan \u0161e protokol"},"content":{"rendered":"<h2>Po podpisu Sporazuma o zaposlovanju dr\u017eavljanov Republike Srbije v Sloveniji podpisan \u0161e protokol<\/h2>\n<p>7. novembra 2018 je ministrica za delo, dru\u017eino, socialne zadeve in enake mo\u017enosti mag. Ksenija Klampfer v Srbiji podpisala Protokol za izvajanje Sporazuma o zaposlovanju dr\u017eavljanov Republike Srbije v Republiki Sloveniji (Sporazum). <a href=\"http:\/\/www.mddsz.gov.si\/si\/medijsko_sredisce\/novica\/8510\/\" target=\"_blank\" rel=\"noopener\">Po poro\u010danju Ministrstva&nbsp; za delo, dru\u017eino, socialne zadeve in enake mo\u017enosti<\/a> (MDDSZ) se s podpisom Sporazuma odpravljajo nekatere birokratske ovire pri zaposlovanju srbskih dr\u017eavljanov v Sloveniji. Po navedbah ministrstva bo s tem tudi la\u017eje zadostiti potrebam po kadrih, ki jih v Sloveniji v dolo\u010denih panogah (npr. turizem) primanjkuje.<\/p>\n<p><\/p>\n<p><b>Zaposlovanje dr\u017eavljanov Republike Srbije v Sloveniji naj bi bilo urejeno do maja 2019<\/b>, v bistvenem pa bodo dolo\u010dila in postopki enaki kot v primeru zaposlovanja dr\u017eavljanov Bosne in Hercegovine v Sloveniji.<\/p>\n<p><\/p>\n<p>MDDSZ ocenjuje, da se bo na podlagi dosledno urejenih formalnih postopkov do konca leta 2019 v Sloveniji zaposlilo okoli 4000 dr\u017eavljanov Srbije, kar predstavlja kar trikratnik \u0161tevila v lanskem letu.<\/p>\n","protected":false},"excerpt":{"rendered":"<p>Po podpisu Sporazuma o zaposlovanju dr\u017eavljanov Republike Srbije v Sloveniji podpisan \u0161e protokol 7. novembra 2018 je ministrica za delo, dru\u017eino, socialne zadeve in enake mo\u017enosti mag. Ksenija Klampfer v&#8230;<\/p>\n","protected":false},"author":2,"featured_media":0,"comment_status":"closed","ping_status":"open","sticky":false,"template":"","format":"standard","meta":{"footnotes":""},"categories":[1],"tags":[],"coauthors":[],"class_list":{"0":"post-1654","1":"post","2":"type-post","3":"status-publish","4":"format-standard","6":"category-novice"},"_links":{"self":[{"href":"https:\/\/pfp.law\/sl\/wp-json\/wp\/v2\/posts\/1654","targetHints":{"allow":["GET"]}}],"collection":[{"href":"https:\/\/pfp.law\/sl\/wp-json\/wp\/v2\/posts"}],"about":[{"href":"https:\/\/pfp.law\/sl\/wp-json\/wp\/v2\/types\/post"}],"author":[{"embeddable":true,"href":"https:\/\/pfp.law\/sl\/wp-json\/wp\/v2\/users\/2"}],"replies":[{"embeddable":true,"href":"https:\/\/pfp.law\/sl\/wp-json\/wp\/v2\/comments?post=1654"}],"version-history":[{"count":0,"href":"https:\/\/pfp.law\/sl\/wp-json\/wp\/v2\/posts\/1654\/revisions"}],"wp:attachment":[{"href":"https:\/\/pfp.law\/sl\/wp-json\/wp\/v2\/media?parent=1654"}],"wp:term":[{"taxonomy":"category","embeddable":true,"href":"https:\/\/pfp.law\/sl\/wp-json\/wp\/v2\/categories?post=1654"},{"taxonomy":"post_tag","embeddable":true,"href":"https:\/\/pfp.law\/sl\/wp-json\/wp\/v2\/tags?post=1654"},{"taxonomy":"author","embeddable":true,"href":"https:\/\/pfp.law\/sl\/wp-json\/wp\/v2\/coauthors?post=1654"}],"curies":[{"name":"wp","href":"https:\/\/api.w.org\/{rel}","templated":true}]}}