{"id":1644,"date":"2019-03-13T13:38:00","date_gmt":"2019-03-13T12:38:00","guid":{"rendered":"https:\/\/pfp.law\/novice\/na-vidiku-je-obsezna-davcna-reforma\/"},"modified":"2019-03-13T13:38:00","modified_gmt":"2019-03-13T12:38:00","slug":"na-vidiku-je-obsezna-davcna-reforma","status":"publish","type":"post","link":"https:\/\/pfp.law\/sl\/novice\/na-vidiku-je-obsezna-davcna-reforma\/","title":{"rendered":"Na vidiku je obse\u017ena dav\u010dna reforma"},"content":{"rendered":"<h2>Na vidiku je obse\u017ena dav\u010dna reforma<\/h2>\n<p>Ministrstvo za finance je konec februarja 2019 predstavilo predlog dav\u010dnih sprememb za razbremenitev dela. Izpad dav\u010dnih prihodkov zaradi razbremenitve dela naj bi delno uravnote\u017eili z vi\u0161jo obdav\u010ditvijo kapitala in poslovanja dru\u017eb, delno pa z bojem proti dav\u010dnih utajam in sivi ekonomiji.<\/p>\n<div>Predlagane ukrepe ministrstva je mogo\u010de razvrstiti v tri glavne skupine:<\/div>\n<div>&#8211;\tukrepi na podro\u010dju dohodnine in obdav\u010ditve dela,<\/div>\n<div>&#8211;\tukrepi na podro\u010dju obdav\u010ditve dohodkov iz kapitala ter dohodkov iz oddajanja premo\u017eenja v najem za fizi\u010dne osebe in<\/div>\n<div>&#8211;\tukrepi na podro\u010dju davka od dohodkov pravnih oseb (DDPO).<\/div>\n<div>1.)\t<b>Ukrepi na podro\u010dju dohodnine in obdav\u010ditve dela<\/b> predvidevajo zni\u017eanje spodnjih mej posameznih dohodninskih razredov ter zni\u017eanje dav\u010dnih stopenj nekaterih razredov. Predvideno je tudi zvi\u0161anje splo\u0161ne olaj\u0161ave ter dodatne splo\u0161ne olaj\u0161ave. Spremembe pri dohodnini naj bi uvedli leta 2020.<\/p>\n<\/div>\n<div>Dodatno se predvideva tudi razbremenitev regresa. Regres do vi\u0161ine povpre\u010dne bruto pla\u010de (ki sedaj ni obdav\u010den z dohodnino), naj bi bil po novem opro\u0161\u010den tudi pla\u010dila socialnih prispevkov, kar pomeni, da bi ga delavci v celoti prejeli neobdav\u010deno. \u017delja ministrstva je, da bi ta ukrep veljal \u017ee v letu 2019. Tudi pri nagradi za poslovno uspe\u0161nost se predvideva zvi\u0161anje meje za izvzem iz dohodnine. Sedaj je meja postavljena pri 100 % povpre\u010dne bruto pla\u010de, nato pa naj bi se postopoma zvi\u0161evala, in sicer na 150 % v letu 2020, na 175 % v letu 2021 in kon\u010dno na 200 % v letu 2022.<\/div>\n<div>2.)<b>\tNa podro\u010dju obdav\u010ditve dohodkov iz kapitala za fizi\u010dne osebe<\/b> predlog ministrstva sicer ohranja cedularno obdav\u010ditev dohodkov iz kapitala (obresti in dividend) ter dohodkov iz oddajanja premo\u017eenja v najem. Vendar pa ministrstvo predlaga zvi\u0161anje dav\u010dne stopnje s sedanjih 25% na 30% v letu 2020.<\/p>\n<\/div>\n<div>Tudi obdav\u010ditev kapitalskih dobi\u010dkov naj bi bila \u0161e vedno cedularna, leta 2020 pa naj bi se spremenile stopnje obdav\u010ditve. Trenutni sistem namre\u010d omogo\u010da zni\u017eanje stopnje davka glede na trajanje imetni\u0161tva kapitala, ki zna\u0161a 25 % za prvih 5 let imetni\u0161tva, po 5 letih imetni\u0161tva se stopnja zni\u017ea na 15 %, po 10 letih na 10 %, po 15 letih na 5 % in po 20 letih na 0 %. Ministrstvo predlaga, da naj bi bila sedaj stopnja 30 % za prvih 10 let imetni\u0161tva kapitala, po 10 letih imetni\u0161tva pa naj bi se zni\u017eala na 15 %. Ker tak\u0161na sprememba posega tudi v pravice zavezancev, ki so \u017ee dosegli mo\u017enost kori\u0161\u010denja dav\u010dne stopnje, ni\u017eje od 15%, bo v tem delu klju\u010dno, kako bo sprejeta novela zakona v prehodnih dolo\u010dbah uredila status in pravice teh zavezancev.<\/div>\n<div>3.)\t<b>Predvideno je tudi zvi\u0161anje davka od dohodkov pravnih oseb<\/b>, in sicer s trenutnih 19 % na 20 % v letu 2020, nato na 21 % v letu 2021 in kon\u010dno na 22 % v letu 2022. \u010ceprav naj bi v veljavi ostale vse olaj\u0161ave in tudi mo\u017enosti kori\u0161\u010denja prenesenih izgub, pa je predvidena dodatna varovalka, po kateri efektivna obdav\u010ditev z DDPO (tj. po uveljavljanju olaj\u0161av in prenesenih izgub) ne bi smela biti ni\u017eja od 5 %.&nbsp;<\/p>\n<\/div>\n<div>Po oceni ministrstva naj bi dr\u017eava z ugodnej\u0161o obdav\u010ditvijo aktivnih dohodkov in s spremembo dohodninske lestvice utrpela izpad cca. 270 milijonov EUR dav\u010dnih prihodkov, kar pa bi nadoknadili z vi\u0161jo obdav\u010ditvijo kapitala, iz katere na\u010drtujejo dodatnih 110 milijonov EUR dav\u010dnih prihodkov. Razliko (160 milijonov EUR) naj bi dr\u017eava pridobila z bojem proti dav\u010dnim utajam, sivi ekonomiji in socialnim goljufijam.<\/div>\n","protected":false},"excerpt":{"rendered":"<p>Na vidiku je obse\u017ena dav\u010dna reforma Ministrstvo za finance je konec februarja 2019 predstavilo predlog dav\u010dnih sprememb za razbremenitev dela. Izpad dav\u010dnih prihodkov zaradi razbremenitve dela naj bi delno uravnote\u017eili&#8230;<\/p>\n","protected":false},"author":2,"featured_media":0,"comment_status":"closed","ping_status":"open","sticky":false,"template":"","format":"standard","meta":{"footnotes":""},"categories":[1],"tags":[],"coauthors":[],"class_list":{"0":"post-1644","1":"post","2":"type-post","3":"status-publish","4":"format-standard","6":"category-novice"},"_links":{"self":[{"href":"https:\/\/pfp.law\/sl\/wp-json\/wp\/v2\/posts\/1644","targetHints":{"allow":["GET"]}}],"collection":[{"href":"https:\/\/pfp.law\/sl\/wp-json\/wp\/v2\/posts"}],"about":[{"href":"https:\/\/pfp.law\/sl\/wp-json\/wp\/v2\/types\/post"}],"author":[{"embeddable":true,"href":"https:\/\/pfp.law\/sl\/wp-json\/wp\/v2\/users\/2"}],"replies":[{"embeddable":true,"href":"https:\/\/pfp.law\/sl\/wp-json\/wp\/v2\/comments?post=1644"}],"version-history":[{"count":0,"href":"https:\/\/pfp.law\/sl\/wp-json\/wp\/v2\/posts\/1644\/revisions"}],"wp:attachment":[{"href":"https:\/\/pfp.law\/sl\/wp-json\/wp\/v2\/media?parent=1644"}],"wp:term":[{"taxonomy":"category","embeddable":true,"href":"https:\/\/pfp.law\/sl\/wp-json\/wp\/v2\/categories?post=1644"},{"taxonomy":"post_tag","embeddable":true,"href":"https:\/\/pfp.law\/sl\/wp-json\/wp\/v2\/tags?post=1644"},{"taxonomy":"author","embeddable":true,"href":"https:\/\/pfp.law\/sl\/wp-json\/wp\/v2\/coauthors?post=1644"}],"curies":[{"name":"wp","href":"https:\/\/api.w.org\/{rel}","templated":true}]}}