{"id":1608,"date":"2020-03-20T00:00:00","date_gmt":"2020-03-19T23:00:00","guid":{"rendered":"https:\/\/pfp.law\/novice\/sprejet-je-bil-zakon-o-interventnih-ukrepih-na-javnofinancnem-podrocju\/"},"modified":"2020-03-20T00:00:00","modified_gmt":"2020-03-19T23:00:00","slug":"sprejet-je-bil-zakon-o-interventnih-ukrepih-na-javnofinancnem-podrocju","status":"publish","type":"post","link":"https:\/\/pfp.law\/sl\/novice\/sprejet-je-bil-zakon-o-interventnih-ukrepih-na-javnofinancnem-podrocju\/","title":{"rendered":"Sprejet je bil zakon o interventnih ukrepih na javnofinan\u010dnem podro\u010dju"},"content":{"rendered":"<h2>Sprejet je bil zakon o interventnih ukrepih na javnofinan\u010dnem podro\u010dju<\/h2>\n<div>\n<div>Najpomembnej\u0161i ukrepi, ki jih zakon uvaja za pomo\u010d podjetnikom in gospodarskim dru\u017ebam, so:<\/div>\n<div><\/div>\n<div>i) podalj\u0161anje rokov za predlo\u017eitev dav\u010dnega obra\u010duna akontacije dohodnine od dohodka iz dejavnosti in dav\u010dnega obra\u010duna davka od dohodkov pravnih oseb ter za oddajo letnih poro\u010dil AJPES z 31. marca na 1. junij 2020 (z nekaterimi izjemami, npr. pri prenehanjih, statusnih spremembah in insolven\u010dnih postopkih, ter s posebno ureditvijo za tiste subjekte, katerih poslovno leto ni enako koledarskemu letu);<\/div>\n<div><\/div>\n<div>ii) podalj\u0161anje roka za priglasitev ugotavljanja (ali prenehanja ugotavljanja) dav\u010dne osnove z upo\u0161tevanjem normiranih odhodkov do dne 1. junija 2020;<\/div>\n<div><\/div>\n<div>iii) poenostavitev postopka&nbsp; za podajo zahtevka za spremembo predhodne akontacije oziroma akontacije dohodnine ter akontacije davka od dohodkov pravnih oseb&nbsp; \u2013 zavezancem ne bo potrebno vlagati dav\u010dnega obra\u010duna za teko\u010de obdobje, marve\u010d zgolj oceno dav\u010dne osnove za teko\u010de dav\u010dno obdobje, za kar bo FURS v kratkem pripravil poseben obrazec;<\/div>\n<div><\/div>\n<div>iv) skrajni rok za dolo\u010ditev nove zavarovalne osnove se prestavlja na mesec junij 2020;<\/div>\n<div><\/div>\n<div>v) zavezanci lahko zaprosijo za odlog pla\u010dila davka za najve\u010d dve leti ali za obro\u010dno pla\u010devanje davka, v najve\u010d 24 mese\u010dnih obrokih (odlog oz. obro\u010dno pla\u010devanje ne pride v po\u0161tev za socialne prispevke) \u2013 v \u010dasu odloga in obro\u010dnega pla\u010devanja ne te\u010dejo obresti;<\/div>\n<div><\/div>\n<div>vi) na podro\u010dju dav\u010dnih izvr\u0161b za\u010dasno ne te\u010de zastaranje pravice do izterjave davkov (\u010de dav\u010dni organ ne za\u010dne oziroma ne nadaljuje \u017ee za\u010dete dav\u010dne izvr\u0161be) \u2013 drugi roki za opravo procesnih dejanj v dav\u010dnih postopkih <b>pa se ne prekinejo, saj je delovanje dr\u017eave odvisno od pravo\u010dasnega pla\u010devanja davkov<\/b> (kar pomeni da se za tiste obveznosti, ki jih ukrepi ne obsegajo, ne spremenijo roki za pla\u010dilo ali za vlaganje pravnih sredstev);&nbsp;<\/div>\n<div><\/div>\n<div>vii) podalj\u0161an je rok za sestavo informativnega izra\u010duna dohodnine za leto 2019, in sicer na 30. junij 2020, zato se posledi\u010dno dav\u010dnim zavezancem, ki so rezident RS in ki jim informativni izra\u010dun dohodnine za leto 2019 ne bo vro\u010den do 15. julija 2020, podalj\u0161a rok za vlo\u017eitev napovedi za odmero dohodnine do 31. avgusta 2020;<\/div>\n<div><\/div>\n<div>viii) spremembe bodo tudi pri izvr\u0161evanju prora\u010duna, saj bo Vlada RS za potrebe dodatnih sredstev za nujne ukrepe (povezane z epidemijo) zadr\u017eala izvr\u0161evanje posameznih prora\u010dunskih izdatkov, ki ne predstavljajo zakonsko dolo\u010denih nalog, za \u010das do sprejema rebalansa leto\u0161njega prora\u010duna. Zakon daje Vladi RS (za \u010das trajanja epidemije) tudi dodatna pooblastila za prerazporejanje sredstev v okviru sprejetega dr\u017eavnega prora\u010duna.&nbsp;&nbsp;<\/div>\n<div><\/div>\n<div>Ukrepi bodo veljali do prenehanja razlogov zanje, pri \u010demer bo prenehanje veljavnosti ukrepov razglasila Vlada RS s sklepom.<\/div>\n<div><\/div>\n<div>Danes je bil sprejet tudi Zakon o interventnih ukrepih na podro\u010dju pla\u010d in prispevkov (ZIUPPP), ki uvaja odlog pla\u010dila prispevkov za socialno varnost samozaposlenih za mesece marec, april in maj 2020 do najkasneje 31. marca 2022 \u2013 <b>odlog bo avtomati\u010den, kar pomeni, da upravi\u010denci ne bodo rabili zanj zaprositi<\/b>; izvzeti bodo zgolj dav\u010dni nepla\u010dniki, tudi ti pa imajo \u0161e mo\u017enost da najkasneje do 6. aprila poravnajo svoje obveznosti (zapadle do 28. februarja 2020). Ve\u010d informacij o tem zakonu lahko najdete na <a href=\"https:\/\/www.fpjr.si\/si\/pravni-izzivi-covid-19\/2020\/03\/452-Kaj-prinasa-Zakon-o-interventnih-ukrepih-na-podrocju-plac-in-prispevkov#middle\" target=\"_blank\" rel=\"noopener\">tej povezavi<\/a>.&nbsp;<\/div>\n<div><\/div>\n<div><\/div>\n<div>O vseh nadaljnjih ukrepih vas bomo a\u017eurno obve\u0161\u010dali, zato predlagamo, da spremljate na\u0161o spletno stran ali pa se prijavite na novi\u010dke s klikom na to <a href=\"https:\/\/fpjr.us11.list-manage.com\/subscribe?u=31498d6ce40bb13e61071f564&amp;id=150a68a9d6\" target=\"_blank\" rel=\"noopener\">povezavo<\/a>. Druge aktualne novi\u010dke v povezavi z aktualno problematiko, najdete <a href=\"https:\/\/www.fpjr.si\/si\/pravni-izzivi-covid-19\" target=\"_blank\" rel=\"noopener\">tu<\/a>.<\/div>\n<div><\/div>\n<\/div>\n<div>&nbsp;<\/div>\n<p><i>Odvetni\u0161ka pisarna Fabiani, Petrovi\u010d, Jeraj, Rejc d.o.o.<br \/><\/i><\/p>\n","protected":false},"excerpt":{"rendered":"<p>Sprejet je bil zakon o interventnih ukrepih na javnofinan\u010dnem podro\u010dju Najpomembnej\u0161i ukrepi, ki jih zakon uvaja za pomo\u010d podjetnikom in gospodarskim dru\u017ebam, so: i) podalj\u0161anje rokov za predlo\u017eitev dav\u010dnega obra\u010duna&#8230;<\/p>\n","protected":false},"author":2,"featured_media":0,"comment_status":"closed","ping_status":"open","sticky":false,"template":"","format":"standard","meta":{"footnotes":""},"categories":[1],"tags":[],"coauthors":[],"class_list":{"0":"post-1608","1":"post","2":"type-post","3":"status-publish","4":"format-standard","6":"category-novice"},"_links":{"self":[{"href":"https:\/\/pfp.law\/sl\/wp-json\/wp\/v2\/posts\/1608","targetHints":{"allow":["GET"]}}],"collection":[{"href":"https:\/\/pfp.law\/sl\/wp-json\/wp\/v2\/posts"}],"about":[{"href":"https:\/\/pfp.law\/sl\/wp-json\/wp\/v2\/types\/post"}],"author":[{"embeddable":true,"href":"https:\/\/pfp.law\/sl\/wp-json\/wp\/v2\/users\/2"}],"replies":[{"embeddable":true,"href":"https:\/\/pfp.law\/sl\/wp-json\/wp\/v2\/comments?post=1608"}],"version-history":[{"count":0,"href":"https:\/\/pfp.law\/sl\/wp-json\/wp\/v2\/posts\/1608\/revisions"}],"wp:attachment":[{"href":"https:\/\/pfp.law\/sl\/wp-json\/wp\/v2\/media?parent=1608"}],"wp:term":[{"taxonomy":"category","embeddable":true,"href":"https:\/\/pfp.law\/sl\/wp-json\/wp\/v2\/categories?post=1608"},{"taxonomy":"post_tag","embeddable":true,"href":"https:\/\/pfp.law\/sl\/wp-json\/wp\/v2\/tags?post=1608"},{"taxonomy":"author","embeddable":true,"href":"https:\/\/pfp.law\/sl\/wp-json\/wp\/v2\/coauthors?post=1608"}],"curies":[{"name":"wp","href":"https:\/\/api.w.org\/{rel}","templated":true}]}}