{"id":1526,"date":"2021-12-29T10:38:00","date_gmt":"2021-12-29T09:38:00","guid":{"rendered":"https:\/\/pfp.law\/novice\/v-pripravi-je-nov-zakon-o-varstvu-osebnih-podatkov\/"},"modified":"2021-12-29T10:38:00","modified_gmt":"2021-12-29T09:38:00","slug":"v-pripravi-je-nov-zakon-o-varstvu-osebnih-podatkov","status":"publish","type":"post","link":"https:\/\/pfp.law\/sl\/novice\/v-pripravi-je-nov-zakon-o-varstvu-osebnih-podatkov\/","title":{"rendered":"V pripravi je nov zakon o varstvu osebnih podatkov"},"content":{"rendered":"<h2>V pripravi je nov zakon o varstvu osebnih podatkov<\/h2>\n<p>Ob nedavnem dnevu mednarodnega dneva boja proti korupciji (9. december) je postalo jasno, da Republika Slovenija do predvidenega roka, 17. decembra 2021, ne bo sprejela zakona, s katerim bi v nacionalno zakonodajo pravo\u010dasno prenesla dolo\u010dbe t. i. Direktive o za\u0161\u010diti \u017evi\u017ega\u010dev (<i>\u00bbEU Whistleblower Directive\u00ab<\/i>), na katero smo opozorili v enem izmed prej\u0161njih prispevkov (<a href=\"https:\/\/www.fpjr.si\/si\/publikacije\/2021\/10\/610-Direktiva-o-zasciti-zvizgacev#middle\" target=\"_top\" rel=\"noopener\">https:\/\/www.fpjr.si\/si\/publikacije\/2021\/10\/610-Direktiva-o-zasciti-zvizgacev#middle<\/a>).&nbsp;<\/p>\n<div><\/div>\n<div>Podobno je na podro\u010dju varstva osebnih podatkov, kjer Republika Slovenija ostaja edina \u010dlanica EU, ki svoje zakonodaje \u0161e ni ustrezno uredila oziroma prilagodila Splo\u0161ni uredbi o varstvu podatkov (\u00bbGDPR\u00ab). Ta je v veljavo stopila \u017ee 25. maja 2018 in se od takrat sicer uporablja neposredno, kljub temu pa je vsaka dr\u017eava \u010dlanica zavezana, da s sprejetjem ustrezne nacionalne zakonodaje uredi tudi tista podro\u010dja, ki se skladno z GDPR urejajo na nivoju posamezne dr\u017eave, ter med drugim dolo\u010di tudi ustrezno ureditev postopkovnih dolo\u010db. Zadnji osnutek Zakona o varstvu osebnih podatkov (\u00bbZVOP-2\u00ab) je bil objavljen letos spomladi, od avgusta dalje pa je v medresorskem usklajevanju.&nbsp;<\/div>\n<div><\/div>\n<div>Ve\u010dina zavezancev je svoje poslovanje oziroma delovanje \u017ee uskladila z veljavnim GDPR; novi zakon za ve\u010dino tako praviloma ne bo predstavljal dodatnih obveznosti. Vseeno je pomembno, da naj bi novi nacionalni zakon kon\u010dno razre\u0161il dilemo glede sankcioniranja kr\u0161itev varstva osebnih podatkov, vklju\u010dno z izrekanjem t. i. upravnih glob. Deloma sta odgovor na dlje \u010dasa trajajo\u010de dileme sankcioniranja kr\u0161itev letos podali Vrhovno sodi\u0161\u010de Republike Slovenije in Vi\u0161je sodi\u0161\u010de v Ljubljani, ki sta pritrdili stali\u0161\u010du informacijskega poobla\u0161\u010denca, da lahko ta tudi po uveljavitvi GDPR \u0161e vedno sankcionira kr\u0161itve varstva osebnih podatkov, ki so v (trenutno veljavnem) Zakonu o varstvu osebnih podatkov (\u00bbZVOP-1\u00ab) opredeljene kot prekr\u0161ki. Navedeno velja tako za kr\u0161itve, ki so nastopile pred, kot tudi kr\u0161itve, ki so nastopile po uveljavitvi GDPR. Temeljni poudarek Vrhovnega sodi\u0161\u010da Republike Slovenije v tem primeru je bil, da GDPR dr\u017eavam \u010dlanicam prepu\u0161\u010da relativno \u0161iroko polje pri urejanju nacionalnih pravil, s katerimi naj se sankcionirajo kr\u0161itve, in da zato upravne globe, ki jih ta predpisuje v 83. \u010dlenu, niso edina mo\u017ena sankcija za kr\u0161itev varstva osebnih podatkov.&nbsp;<\/div>\n<div><\/div>\n<div>ZVOP-2 poleg sistemati\u010dne ureditve sankcioniranja kr\u0161itev med drugim prina\u0161a \u0161e nekatere druge novosti. Med drugim dolo\u010da starostno mejo za privolitev v obdelavo osebnih podatkov pri starosti 15 let, ureja ob\u010dutljivo razmerje med varstvom osebnih podatkov in svobodo izra\u017eanja ter dostopom do informacij, ureja aktivnosti v zvezi z videonadzorom, biometrijo ter obdelavo osebnih podatkov umrlih oseb, dolo\u010da pogoje, ki jih morajo izpolnjevati poobla\u0161\u010dene osebe za varstvo podatkov, ter ureja nekatere druge postopkovne aktivnosti (npr. predpisuje vsebino zahteve za posredovanje osebnih podatkov).&nbsp;<\/div>\n<div><\/div>\n<div>Ker je osnutek ZVOP-2 trenutno \u0161e v medresorskem usklajevanju, je te\u017eko napovedati, kdaj naj bi bil dejansko sprejet oziroma v kak\u0161ni meri bi kon\u010dni osnutek lahko odstopal od trenutno predstavljenega predloga. Ne glede na to pa je navedeno \u0161teti za jasen signal vsem, ki z ustrezno ureditvijo varstva osebnih podatkov \u0161e odla\u0161ajo ali to urejajo nepopolno, da pripravijo interni pregled obstoje\u010de ureditve in stanja ter poskrbijo, da sprejeti ukrepi in aktivnosti tudi skoraj \u0161tiri leta po za\u010detku neposredne uporabe GDPR \u0161e naprej ustrezajo veljavnim standardom ter razvoju tako tehnologije kot pravne ureditve.&nbsp;<\/div>\n<div><\/div>\n<div>Avtorica: \t\t\t<i>Eva Mo\u017eina, odvetnica<\/i><\/div>\n","protected":false},"excerpt":{"rendered":"<p>V pripravi je nov zakon o varstvu osebnih podatkov Ob nedavnem dnevu mednarodnega dneva boja proti korupciji (9. december) je postalo jasno, da Republika Slovenija do predvidenega roka, 17. decembra&#8230;<\/p>\n","protected":false},"author":2,"featured_media":0,"comment_status":"closed","ping_status":"open","sticky":false,"template":"","format":"standard","meta":{"footnotes":""},"categories":[1],"tags":[],"coauthors":[],"class_list":{"0":"post-1526","1":"post","2":"type-post","3":"status-publish","4":"format-standard","6":"category-novice"},"_links":{"self":[{"href":"https:\/\/pfp.law\/sl\/wp-json\/wp\/v2\/posts\/1526","targetHints":{"allow":["GET"]}}],"collection":[{"href":"https:\/\/pfp.law\/sl\/wp-json\/wp\/v2\/posts"}],"about":[{"href":"https:\/\/pfp.law\/sl\/wp-json\/wp\/v2\/types\/post"}],"author":[{"embeddable":true,"href":"https:\/\/pfp.law\/sl\/wp-json\/wp\/v2\/users\/2"}],"replies":[{"embeddable":true,"href":"https:\/\/pfp.law\/sl\/wp-json\/wp\/v2\/comments?post=1526"}],"version-history":[{"count":0,"href":"https:\/\/pfp.law\/sl\/wp-json\/wp\/v2\/posts\/1526\/revisions"}],"wp:attachment":[{"href":"https:\/\/pfp.law\/sl\/wp-json\/wp\/v2\/media?parent=1526"}],"wp:term":[{"taxonomy":"category","embeddable":true,"href":"https:\/\/pfp.law\/sl\/wp-json\/wp\/v2\/categories?post=1526"},{"taxonomy":"post_tag","embeddable":true,"href":"https:\/\/pfp.law\/sl\/wp-json\/wp\/v2\/tags?post=1526"},{"taxonomy":"author","embeddable":true,"href":"https:\/\/pfp.law\/sl\/wp-json\/wp\/v2\/coauthors?post=1526"}],"curies":[{"name":"wp","href":"https:\/\/api.w.org\/{rel}","templated":true}]}}