{"id":1502,"date":"2022-11-03T10:00:00","date_gmt":"2022-11-03T09:00:00","guid":{"rendered":"https:\/\/pfp.law\/novice\/sodisce-eu-sprejelo-siroko-interpretacijo-pojma-posebnih-kategorij-osebnih-podatkov\/"},"modified":"2022-11-03T10:00:00","modified_gmt":"2022-11-03T09:00:00","slug":"sodisce-eu-sprejelo-siroko-interpretacijo-pojma-posebnih-kategorij-osebnih-podatkov","status":"publish","type":"post","link":"https:\/\/pfp.law\/sl\/novice\/sodisce-eu-sprejelo-siroko-interpretacijo-pojma-posebnih-kategorij-osebnih-podatkov\/","title":{"rendered":"Sodi\u0161\u010de EU sprejelo \u0161iroko interpretacijo pojma posebnih kategorij osebnih podatkov"},"content":{"rendered":"<h2>Sodi\u0161\u010de EU sprejelo \u0161iroko interpretacijo pojma posebnih kategorij osebnih podatkov<\/h2>\n<div>\n<div>\n<div>Sodi\u0161\u010de EU je 1. avgusta 2022 izdalo sodbo v zadevi 184\/20 (OT proti Vyriausioji tarnybin\u0117s etikos komisija), v kateri je sprejelo zelo \u0161iroko razlago pojma posebnih kategorij osebnih podatkov iz 9. \u010dlena Splo\u0161ne uredbe o varstvu osebnih podatkov (\u00bbGDPR\u00ab ali \u00bbUredba\u00ab). Gre za odmevno odlo\u010ditev na podro\u010dju varstva osebnih podatkov, za katero se pri\u010dakuje, da bo pomembno vplivala na upravljavce osebnih podatkov.<\/div>\n<div><\/div>\n<div>Obdelavo <b>posebnih kategorij osebnih podatkov<\/b> ureja Uredba v 9. \u010dlenu. Gre za osebne podatke, ki so po svoji naravi posebej ob\u010dutljivi, saj bi lahko okoli\u0161\u010dine njihove obdelave resno ogrozile temeljne pravice in svobo\u0161\u010dine posameznika, na katerega se nana\u0161ajo. Ti podatki vklju\u010dujejo rasno ali etni\u010dno poreklo posameznika, podatke v zvezi z njegovim spolnim \u017eivljenjem ali spolno usmerjenostjo, zdravjem, podatke o \u010dlanstvu v sindikatu idr. Obdelava tovrstnih podatkov je na\u010deloma prepovedana, razen \u010de je podana ena izmed izjem (na primer izrecna privolitev posameznika, na katerega se podatki nana\u0161ajo, ali pa je obdelava tovrstnih podatkov potrebna za namene izpolnjevanja obveznosti in izvajanja posebnih pravic posameznika na podro\u010dju delovnega prava ter prava socialne varnosti). Pri zbiranju in obdelavi morajo biti upravljavci zelo previdni, saj mora biti za zakonito obdelavo podana pravna podlaga iz 6. \u010dlena Uredbe, dodatno pa mora biti izpolnjena \u0161e ena izmed izjem od prepovedi obdelave po 9. \u010dlenu Uredbe.<\/div>\n<div><\/div>\n<div>Ozadje zadeve izvira iz Litve, kjer nacionalna zakonodaja dolo\u010da, da mora direktor javne ustanove v izjavi o zasebnih interesih, ki jo je treba predlo\u017eiti z namenom prepre\u010devanja korupcije, med drugim navesti podatke o svojem zakoncu, zunajzakonskem partnerju ali partnerju, ti podatki pa se tudi javno objavijo. Zavezanec v konkretnem primeru izjave ni predlo\u017eil, saj je menil, da gre za kr\u0161itev njegove pravice do zasebnosti, primer pa je pristal na sodi\u0161\u010du.<\/div>\n<div><\/div>\n<div>Vpra\u0161anje, ki ga je litovsko sodi\u0161\u010de naslovilo na Sodi\u0161\u010de EU, je bilo, ali je treba 9. \u010dlen Uredbe razlagati tako, da objava osebnih podatkov, s katerimi se lahko posredno razkrijejo posebne kategorije osebnih podatkov, pomeni obdelavo, ki se nana\u0161a na posebne vrste osebnih podatkov v smislu te dolo\u010dbe.&nbsp;<\/div>\n<div><\/div>\n<div>Sodi\u0161\u010de EU je v zvezi s tem zapisalo, da objava imena partnerja sama po sebi ne bi bila nujno sporna, vendar se je strinjalo s predlo\u017eitvenim sodi\u0161\u010dem, da <b>je mogo\u010de iz imena partnerja razbrati podatke o posameznikovem spolnem \u017eivljenju ali spolni usmerjenosti<\/b>, objava teh informacij na spletu pa <b>vklju\u010duje obdelavo posebne kategorije podatkov, za katere velja poseben re\u017eim<\/b> iz 9. \u010dlena Uredbe.<\/div>\n<div><\/div>\n<div>Kljub temu, da so bile okoli\u0161\u010dine primera precej specifi\u010dne, je lahko nova razlaga pojma posebnih kategorij osebnih podatkov iz 9. \u010dlena Uredbe relevantna za vse upravljavce osebnih podatkov. Ti bodo morali <b>ponovno pregledati obseg svojih dejavnosti obdelave podatkov in zagotoviti, da z izvajanjem tak\u0161ne obdelave ni mogo\u010de posredno sklepati na ob\u010dutljive podatke<\/b>. V skladu s tem bodo morali posodobiti svoje interne akte in zagotoviti, da je za obdelavo teh podatkov podana pravna podlaga po 9. \u010dlenu Uredbe (na primer stopiti v stik s posamezniki, na katere se podatki nana\u0161ajo, in od njih pridobiti izrecno privolitev).<\/div>\n<div><\/div>\n<div>Avtorica:&nbsp; <i>Tina Mihali\u010d, odvetni\u0161ka kandidatka<\/i><\/div>\n<div><\/div>\n<\/div>\n<\/div>\n","protected":false},"excerpt":{"rendered":"<p>Sodi\u0161\u010de EU sprejelo \u0161iroko interpretacijo pojma posebnih kategorij osebnih podatkov Sodi\u0161\u010de EU je 1. avgusta 2022 izdalo sodbo v zadevi 184\/20 (OT proti Vyriausioji tarnybin\u0117s etikos komisija), v kateri je&#8230;<\/p>\n","protected":false},"author":2,"featured_media":0,"comment_status":"closed","ping_status":"open","sticky":false,"template":"","format":"standard","meta":{"footnotes":""},"categories":[1],"tags":[],"coauthors":[],"class_list":{"0":"post-1502","1":"post","2":"type-post","3":"status-publish","4":"format-standard","6":"category-novice"},"_links":{"self":[{"href":"https:\/\/pfp.law\/sl\/wp-json\/wp\/v2\/posts\/1502","targetHints":{"allow":["GET"]}}],"collection":[{"href":"https:\/\/pfp.law\/sl\/wp-json\/wp\/v2\/posts"}],"about":[{"href":"https:\/\/pfp.law\/sl\/wp-json\/wp\/v2\/types\/post"}],"author":[{"embeddable":true,"href":"https:\/\/pfp.law\/sl\/wp-json\/wp\/v2\/users\/2"}],"replies":[{"embeddable":true,"href":"https:\/\/pfp.law\/sl\/wp-json\/wp\/v2\/comments?post=1502"}],"version-history":[{"count":0,"href":"https:\/\/pfp.law\/sl\/wp-json\/wp\/v2\/posts\/1502\/revisions"}],"wp:attachment":[{"href":"https:\/\/pfp.law\/sl\/wp-json\/wp\/v2\/media?parent=1502"}],"wp:term":[{"taxonomy":"category","embeddable":true,"href":"https:\/\/pfp.law\/sl\/wp-json\/wp\/v2\/categories?post=1502"},{"taxonomy":"post_tag","embeddable":true,"href":"https:\/\/pfp.law\/sl\/wp-json\/wp\/v2\/tags?post=1502"},{"taxonomy":"author","embeddable":true,"href":"https:\/\/pfp.law\/sl\/wp-json\/wp\/v2\/coauthors?post=1502"}],"curies":[{"name":"wp","href":"https:\/\/api.w.org\/{rel}","templated":true}]}}