{"id":4379,"date":"2026-04-02T09:08:11","date_gmt":"2026-04-02T08:08:11","guid":{"rendered":"https:\/\/pfp.law\/?p=4379"},"modified":"2026-04-02T09:38:52","modified_gmt":"2026-04-02T08:38:52","slug":"pfp-law-in-allen-fuehrenden-legal-directories-gerankt","status":"publish","type":"post","link":"https:\/\/pfp.law\/de\/nachrichten\/pfp-law-in-allen-fuehrenden-legal-directories-gerankt\/","title":{"rendered":"PFP Law in allen f\u00fchrenden Legal Directories gerankt"},"content":{"rendered":"<p>Wir sind stolz darauf, in den neuesten Guides der f\u00fchrenden Legal Directories Chambers and Partners, Legal500 und IFLR1000 unter den f\u00fchrenden Kanzleien gelistet zu sein.<\/p>\n<p>Die Praxisgruppen Corporate\/Commercial und Employment von PFP Law sind im <strong>Chambers<\/strong> Europe Guide gerankt, w\u00e4hrend die Corporate\/Commercial-Praxis auch im Global Guide vertreten ist.<\/p>\n<p>Dar\u00fcber hinaus wurden unsere Partner <a href=\"https:\/\/pfp.law\/de\/unser-team\/#jernej-jeraj\" target=\"_blank\" rel=\"noopener\"><strong>Jernej Jeraj<\/strong><\/a> und <a href=\"https:\/\/pfp.law\/de\/unser-team\/#marko-prusnik\" target=\"_blank\" rel=\"noopener\"><strong>Marko Pru\u0161nik<\/strong><\/a> von Chambers individuell ausgezeichnet \u2013 Marko als f\u00fchrender Anwalt f\u00fcr Gesellschafts- und Wirtschaftsrecht in Slowenien sowie als Foreign Expert in \u00d6sterreich, und Jernej als f\u00fchrender Anwalt f\u00fcr Gesellschafts- und Wirtschaftsrecht, Arbeitsrecht und Immobilienrecht in Slowenien.<\/p>\n<p>Wir f\u00fchlen uns besonders geehrt, dass <strong>Marko Pru\u0161nik<\/strong> einer von nur zwei Anw\u00e4lten ist, die als Foreign Expert in \u00d6sterreich gelistet sind. Diese Auszeichnung stellt eine bedeutende Anerkennung der herausragenden Arbeit unseres grenz\u00fcberschreitenden Teams dar und best\u00e4tigt unsere starken internationalen Kompetenzen.<\/p>\n<p>Nahezu zeitgleich ver\u00f6ffentlichte auch <strong>Legal500<\/strong> seine aktuellen Rankings und listete PFP Law als f\u00fchrende Kanzlei. Die Partner <a href=\"https:\/\/pfp.law\/de\/unser-team\/#jernej-jeraj\" target=\"_blank\" rel=\"noopener\"><strong>Jernej Jeraj<\/strong><\/a> und <a href=\"https:\/\/pfp.law\/de\/unser-team\/#luka-fabiani\" target=\"_blank\" rel=\"noopener\"><strong>Luka Fabiani<\/strong><\/a> wurden zudem als Leading Partners ausgezeichnet \u2013 als f\u00fchrende Experten in ihrem Bereich, die marktpr\u00e4gende Transaktionen leiten und sowohl von Kollegen als auch von Mandanten anerkannt werden.<\/p>\n<p>Als erstes ver\u00f6ffentlichte <strong>IFLR1000<\/strong> die Rankings f\u00fcr dieses Jahr, in denen wir unsere starke Position nicht nur halten, sondern auch deutlich verbessern konnten: f\u00fcnf gerankte Anw\u00e4lte, Aufstiege in allen Praxisbereichen in Slowenien sowie ein neuer Eintrag in \u00d6sterreich in der wettbewerbsintensiven Kategorie M&amp;A.<\/p>\n<p><strong>Was sind Legal Directories<\/strong><\/p>\n<p>Legal Directories sind Rankings, die f\u00fchrende Anw\u00e4lte und Kanzleien bewerten und hervorheben. Sie basieren auf umfassender unabh\u00e4ngiger Recherche sowie Feedback von Mandanten, Juristen und Experten und zeigen die leistungsst\u00e4rksten Akteure in verschiedenen Rechtsgebieten auf.<\/p>\n<p><strong>Was die Directories sagen<\/strong><\/p>\n<p>\u00dcber <strong>das Team<\/strong>:<\/p>\n<blockquote><p>\u201e<em>PFP Law ist stark in der Beratung internationaler und nationaler Mandanten bei gesellschaftsrechtlichen Mandaten. Zu den Kernkompetenzen geh\u00f6ren Akquisitionen, Markteintritte und Joint Ventures. Das Team ist zudem hervorragend positioniert, um bei Restrukturierungen zu unterst\u00fctzen, und genie\u00dft einen ausgezeichneten Ruf im Immobiliensektor. Zu den Mandanten z\u00e4hlen Private-Equity- und Technologieunternehmen.<\/em>\u201c (Chambers and Partners)<\/p>\n<p>\u201e<em>Mit \u2018Pr\u00e4zision und Pragmatismus\u2019 agierend, ist PFP Law versiert in der Bearbeitung von wirtschaftsrechtlichen und M&amp;A-Mandaten, h\u00e4ufig mit Bezug zu Bank- und Finanzrecht, Immobilien und IP, und regelm\u00e4\u00dfig in grenz\u00fcberschreitenden Angelegenheiten, insbesondere in \u00d6sterreich und der CEE-Region t\u00e4tig.<\/em>\u201c (Legal500)<\/p><\/blockquote>\n<p>\u00dcber <a href=\"https:\/\/pfp.law\/de\/unser-team\/#marko-prusnik\" target=\"_blank\" rel=\"noopener\"><strong>Marko Pru\u0161nik<\/strong><\/a>:<\/p>\n<blockquote><p>\u201e<em>Als in \u00d6sterreich und Slowenien zugelassener Anwalt ist Marko Pru\u0161nik hervorragend geeignet, nationale Mandanten bei ihren Auslandsaktivit\u00e4ten zu beraten, einschlie\u00dflich Joint Ventures, Akquisitionen und Markteintritten.<\/em>\u201c (Chambers and Partners)<\/p><\/blockquote>\n<p><strong>Was Mandanten sagen<\/strong><\/p>\n<p>\u00dcber <strong>das Team<\/strong>:<\/p>\n<blockquote><p>\u201e<em>Die Kanzlei verf\u00fcgt \u00fcber gro\u00dfe Fachkompetenz und Erfahrung und bietet Mandanten schnelle Unterst\u00fctzung.<\/em>\u201c (Chambers and Partners)<\/p>\n<p>\u201e<em>PFP Law zeigt ein gutes Verst\u00e4ndnis und Erfahrung im internationalen Markt.<\/em>\u201c (Chambers and Partners)<\/p>\n<p>\u201e<em>Die Zusammenarbeit mit dieser Kanzlei war eine ausgezeichnete Erfahrung. Ich sch\u00e4tzte die klaren und praxisnahen Ratschl\u00e4ge, die stets auf unsere Situation zugeschnitten waren. Die Kommunikation war zeitnah, transparent und leicht verst\u00e4ndlich, und ich war jederzeit gut \u00fcber den Fortschritt meiner Angelegenheit informiert.<\/em>\u201c (Legal500)<\/p><\/blockquote>\n<p>\u00dcber <a href=\"https:\/\/pfp.law\/de\/unser-team\/#marko-prusnik\" target=\"_blank\" rel=\"noopener\"><strong>Marko Pru\u0161nik<\/strong><\/a>:<\/p>\n<blockquote><p>\u201e<em>Er zeichnet sich durch eine Kombination aus juristischer Expertise sowie einer pragmatischen und l\u00f6sungsorientierten Denkweise aus. Er zeigt eine starke F\u00e4higkeit, juristische Pr\u00e4zision mit wirtschaftlicher Praktikabilit\u00e4t in Einklang zu bringen.<\/em>\u201c (Chambers and Partners)<\/p>\n<p>\u201e<em>Gr\u00fcndungspartner Marko Pru\u0161nik ist ein au\u00dfergew\u00f6hnlicher Gesellschaftsrechtler mit unvergleichlicher Expertise. Er bietet effiziente Beratung und liefert klare, praxisorientierte L\u00f6sungen, die perfekt auf unsere Ziele abgestimmt sind.<\/em>\u201c (Legal500)<\/p><\/blockquote>\n<p>\u00dcber <a href=\"https:\/\/pfp.law\/de\/unser-team\/#jernej-jeraj\" target=\"_blank\" rel=\"noopener\"><strong>Jernej Jeraj<\/strong><\/a>:<\/p>\n<blockquote><p>\u201e<em>Seine F\u00e4higkeit, rechtliche, technische und wirtschaftliche Aspekte zu navigieren, ist hervorragend.<\/em>\u201c (Chambers and Partners)<\/p>\n<p>\u201e<em>Jernej sorgt f\u00fcr schnelle Reaktionszeiten und proaktive Kommunikation. Seine Schrifts\u00e4tze sind pr\u00e4gnant und pr\u00e4zise, und er verhandelt entschlossen, aber konstruktiv, w\u00e4hrend er unsere Schl\u00fcsselpositionen sch\u00fctzt.<\/em>\u201c (Chambers and Partners)<\/p>\n<p>\u201e<em>Die Zusammenarbeit mit Gr\u00fcndungspartner Jernej Jeraj ist stets ein gro\u00dfes Vergn\u00fcgen. Er verf\u00fcgt \u00fcber ein tiefes Verst\u00e4ndnis unserer Branche, was sich darin zeigt, dass jede Transaktion mit Pr\u00e4zision und strategischem Weitblick umgesetzt wird. Komplexe Verhandlungen meistert er m\u00fchelos und stellt dabei stets unsere Interessen in den Vordergrund, w\u00e4hrend er Professionalit\u00e4t und Klarheit wahrt.<\/em>\u201c (Legal500)<\/p><\/blockquote>\n<p>Diese Auszeichnung spiegelt das Engagement, die Expertise und den Teamgeist unserer gesamten Kanzlei wider. Auch wenn wir uns \u00fcber diese Anerkennung freuen, bleibt unsere gr\u00f6\u00dfte Belohnung das Vertrauen unserer Mandanten und die erfolgreiche Umsetzung ihrer wichtigsten Projekte.<\/p>\n<p>Vielen Dank an unsere Mandanten und Kollegen f\u00fcr Ihr fortw\u00e4hrendes Vertrauen und Ihre Partnerschaft.<\/p>\n","protected":false},"excerpt":{"rendered":"<p>Wir sind stolz darauf, in den neuesten Guides der f\u00fchrenden Legal Directories Chambers and Partners, Legal500 und IFLR1000 unter den f\u00fchrenden Kanzleien gelistet zu sein. Die Praxisgruppen Corporate\/Commercial und Employment&#8230;<\/p>\n","protected":false},"author":2,"featured_media":0,"comment_status":"closed","ping_status":"open","sticky":false,"template":"","format":"standard","meta":{"footnotes":""},"categories":[10,26],"tags":[],"coauthors":[41],"class_list":{"0":"post-4379","1":"post","2":"type-post","3":"status-publish","4":"format-standard","6":"category-nachrichten","7":"category-vorgestellt"},"_links":{"self":[{"href":"https:\/\/pfp.law\/de\/wp-json\/wp\/v2\/posts\/4379","targetHints":{"allow":["GET"]}}],"collection":[{"href":"https:\/\/pfp.law\/de\/wp-json\/wp\/v2\/posts"}],"about":[{"href":"https:\/\/pfp.law\/de\/wp-json\/wp\/v2\/types\/post"}],"author":[{"embeddable":true,"href":"https:\/\/pfp.law\/de\/wp-json\/wp\/v2\/users\/2"}],"replies":[{"embeddable":true,"href":"https:\/\/pfp.law\/de\/wp-json\/wp\/v2\/comments?post=4379"}],"version-history":[{"count":4,"href":"https:\/\/pfp.law\/de\/wp-json\/wp\/v2\/posts\/4379\/revisions"}],"predecessor-version":[{"id":4391,"href":"https:\/\/pfp.law\/de\/wp-json\/wp\/v2\/posts\/4379\/revisions\/4391"}],"wp:attachment":[{"href":"https:\/\/pfp.law\/de\/wp-json\/wp\/v2\/media?parent=4379"}],"wp:term":[{"taxonomy":"category","embeddable":true,"href":"https:\/\/pfp.law\/de\/wp-json\/wp\/v2\/categories?post=4379"},{"taxonomy":"post_tag","embeddable":true,"href":"https:\/\/pfp.law\/de\/wp-json\/wp\/v2\/tags?post=4379"},{"taxonomy":"author","embeddable":true,"href":"https:\/\/pfp.law\/de\/wp-json\/wp\/v2\/coauthors?post=4379"}],"curies":[{"name":"wp","href":"https:\/\/api.w.org\/{rel}","templated":true}]}}