{"id":1466,"date":"2024-10-01T10:16:22","date_gmt":"2024-10-01T09:16:22","guid":{"rendered":"https:\/\/pfp.law\/nachrichten\/verschmelzung-von-fabiani-petrovic-jeraj-rejc-und-mp-law\/"},"modified":"2024-10-11T10:46:26","modified_gmt":"2024-10-11T09:46:26","slug":"verschmelzung-von-fabiani-petrovic-jeraj-rejc-und-mp-law","status":"publish","type":"post","link":"https:\/\/pfp.law\/de\/nachrichten\/verschmelzung-von-fabiani-petrovic-jeraj-rejc-und-mp-law\/","title":{"rendered":"Verschmelzung von Fabiani, Petrovi\u010d, Jeraj, Rejc und MP Law"},"content":{"rendered":"<p style=\"font-weight: 400;\">Wir freuen uns, Ihnen mitteilen zu k\u00f6nnen, dass die Kanzleien <strong>Fabiani, Petrovi\u010d, Jeraj, Rejc o.p. d.o.o.<\/strong> und <strong>MP Law o.p. d.o.o.<\/strong> zum 30. September 2024 fusioniert haben. In Zukunft werden wir unter unserer neuen Marke <strong>PFP LAW<\/strong> auf dem Markt auftreten. Als internationalen Slogan, der sich aus dem K\u00fcrzel PFP ableitet, haben wir <em><strong>Partners for Progress<\/strong><\/em> gew\u00e4hlt, da dieser Slogan am besten unsere Mission in der vereinten Kanzlei zusammenfasst.  <strong> <\/strong><\/p>\n<p style=\"font-weight: 400;\">Mit dem Zusammenschluss der beiden Anwaltskanzleien werden unsere Mandanten von einer noch hochwertigeren Unterst\u00fctzung in Slowenien (Ljubljana) und \u00d6sterreich (Wien) sowie in der weiteren Region profitieren. Wir werden weiterhin ma\u00dfgeschneiderte Dienstleistungen in allen traditionellen Rechtsbereichen anbieten, mit dem besonderen Fokus auf Unternehmensgesch\u00e4fte und die Unterst\u00fctzung von Mandanten bei ihren grenz\u00fcberschreitenden Transaktionen. <\/p>\n<p style=\"font-weight: 400;\">Wir hoffen, dass Sie bei uns die Informationen finden, die Sie brauchen. Lernen Sie uns pers\u00f6nlich kennen. Wir werden unser Bestes tun, um Ihre Erwartungen zu erf\u00fcllen.  <\/p>\n","protected":false},"excerpt":{"rendered":"<p>Wir freuen uns, Ihnen mitteilen zu k\u00f6nnen, dass die Kanzleien Fabiani, Petrovi\u010d, Jeraj, Rejc o.p. d.o.o. und MP Law o.p. d.o.o. zum 30. September 2024 fusioniert haben. In Zukunft werden&#8230;<\/p>\n","protected":false},"author":2,"featured_media":0,"comment_status":"closed","ping_status":"open","sticky":false,"template":"","format":"standard","meta":{"footnotes":""},"categories":[10,26],"tags":[],"coauthors":[],"class_list":{"0":"post-1466","1":"post","2":"type-post","3":"status-publish","4":"format-standard","6":"category-nachrichten","7":"category-vorgestellt"},"_links":{"self":[{"href":"https:\/\/pfp.law\/de\/wp-json\/wp\/v2\/posts\/1466","targetHints":{"allow":["GET"]}}],"collection":[{"href":"https:\/\/pfp.law\/de\/wp-json\/wp\/v2\/posts"}],"about":[{"href":"https:\/\/pfp.law\/de\/wp-json\/wp\/v2\/types\/post"}],"author":[{"embeddable":true,"href":"https:\/\/pfp.law\/de\/wp-json\/wp\/v2\/users\/2"}],"replies":[{"embeddable":true,"href":"https:\/\/pfp.law\/de\/wp-json\/wp\/v2\/comments?post=1466"}],"version-history":[{"count":1,"href":"https:\/\/pfp.law\/de\/wp-json\/wp\/v2\/posts\/1466\/revisions"}],"predecessor-version":[{"id":2498,"href":"https:\/\/pfp.law\/de\/wp-json\/wp\/v2\/posts\/1466\/revisions\/2498"}],"wp:attachment":[{"href":"https:\/\/pfp.law\/de\/wp-json\/wp\/v2\/media?parent=1466"}],"wp:term":[{"taxonomy":"category","embeddable":true,"href":"https:\/\/pfp.law\/de\/wp-json\/wp\/v2\/categories?post=1466"},{"taxonomy":"post_tag","embeddable":true,"href":"https:\/\/pfp.law\/de\/wp-json\/wp\/v2\/tags?post=1466"},{"taxonomy":"author","embeddable":true,"href":"https:\/\/pfp.law\/de\/wp-json\/wp\/v2\/coauthors?post=1466"}],"curies":[{"name":"wp","href":"https:\/\/api.w.org\/{rel}","templated":true}]}}